{"id":237714,"date":"2021-06-18T15:42:04","date_gmt":"2021-06-18T13:42:04","guid":{"rendered":"https:\/\/pronea.sk\/?p=237714"},"modified":"2024-11-16T17:05:45","modified_gmt":"2024-11-16T16:05:45","slug":"na-prve-miesto-dajte-seba-hovoril-tomas-bata-preco-by-sme-sa-mali-o-seba-starat","status":"publish","type":"post","link":"https:\/\/pronea.sk\/en\/2021\/06\/18\/na-prve-miesto-dajte-seba-hovoril-tomas-bata-preco-by-sme-sa-mali-o-seba-starat\/","title":{"rendered":"Put yourself first, said Tom\u00e1\u0161 Ba\u0165a. Why should we take care of ourselves?"},"content":{"rendered":"<p>Azda ka\u017ed\u00fd, kto \u017eije v\u00a0Partiz\u00e1nskom pozn\u00e1 meno Tom\u00e1\u0161a Ba\u0165u. Jeho \u017eivotn\u00e1 a\u00a0podnikate\u013esk\u00e1 filozofia je nad\u010dasov\u00e1 a\u00a0neust\u00e1le z\u00a0nej m\u00f4\u017eeme \u010derpa\u0165 aj v\u00a0dne\u0161nej dobe. Je nato\u013eko zauj\u00edmav\u00e1, \u017ee existuj\u00fa \u013eudia, ktor\u00ed zasv\u00e4tili svoj \u017eivot jej \u0161t\u00fadiu. Jednou z\u00a0nich je Gabriela Cul\u00edk Kon\u010dit\u00edkov\u00e1, ktorej predn\u00e1\u0161ku som si mohla vypo\u010du\u0165 aj ja, na\u017eivo v\u00a0Partiz\u00e1nskom. Za\u010d\u00edtajte sa spolu so mnou do my\u0161lienok Tom\u00e1\u0161a Ba\u0165u z\u00a0jej podania, ale dajte si pozor, m\u00f4\u017eu zmeni\u0165 v\u00e1\u0161 \u017eivot.<\/p>\n<p><em>Gabriela Cul\u00edk Kon\u010dit\u00edkov\u00e1 je projektov\u00e1 mana\u017e\u00e9rka Nad\u00e1cie Tom\u00e1\u0161a Ba\u0165u, spisovate\u013eka a\u00a0lektorka. Dlh\u00e9 roky sa venuje \u0161t\u00fadiu \u017eivota Ba\u0165u a\u00a0je autorkou viacer\u00fdch kn\u00edh na t\u00fato t\u00e9mu. Je odborn\u00ed\u010dkou na mo\u017enosti aplik\u00e1cie Ba\u0165ovho syst\u00e9mu riadenia do s\u00fa\u010dasn\u00e9ho podnikate\u013esk\u00e9ho prostredia. Od roku 2018 vedie Akad\u00e9miu Ba\u0165a, ktor\u00fa vyh\u013ead\u00e1vaj\u00fa ako \u010cesi, tak aj Slov\u00e1ci. \u00a0\u00a0<\/em><\/p>\n<p>Gabriela zd\u00f4raz\u0148uje, \u017ee Ba\u0165a nemal r\u00e1d om\u00e1\u010dky, jeho prejavy a\u00a0z\u00e1pisy zo stretnut\u00ed boli v\u017edy jasn\u00e9 a\u00a0stru\u010dn\u00e9. Hovorieval:\u00a0<em>\u201ePokia\u013e to nie je na A4, nikto to nebude \u010d\u00edta\u0165.\u201c \u00a0<\/em>Tak aj ja, z \u00facty k nemu vyber\u00e1m 1 \u00fastredn\u00fa my\u0161lienku, na ktor\u00fa v dne\u0161nom upon\u00e1h\u013eanom svete potrebujeme zasvieti\u0165 reflektor.<\/p>\n<p><img fetchpriority=\"high\" decoding=\"async\" class=\"aligncenter\" src=\"https:\/\/pronea.sk\/wp-content\/uploads\/2021\/06\/Gabriela-Culik-Koncitikova.png\" width=\"500\" height=\"333\" \/><\/p>\n<p><strong>DAJ SEBA NA PRV\u00c9 MIESTO<\/strong><\/p>\n<p>V\u00e4\u010d\u0161ina z\u00a0v\u00e1s si mo\u017eno povie, \u017ee da\u0165 seba na prv\u00e9 miesto je sebeck\u00e9. Ba\u0165a to av\u0161ak videl inak. Rozli\u0161oval medzi sebeckos\u0165ou a\u00a0zodpovednos\u0165ou. Sebeck\u00ed \u013eudia pod\u013ea neho uspokojuj\u00fa hlavne svoje vlastn\u00fd potreby s\u00a0cie\u013eom vyhovie\u0165 iba sebe. Naopak zodpovedn\u00ed \u013eudia nap\u013a\u0148aj\u00fa svoje vlastn\u00e9 potreby ako prv\u00e9 preto, aby mohli dlh\u0161ie a\u00a0efekt\u00edvnej\u0161ie sl\u00fa\u017ei\u0165 druh\u00fdm.<\/p>\n<p>Tom\u00e1\u0161 Ba\u0165a vy\u017eadoval od svojich \u013eud\u00ed v\u017edy 100% v\u00fdkon. Uvedomil si ve\u013emi r\u00fdchlo, \u017ee zamestnanci, ktor\u00ed \u0161portuj\u00fa, maj\u00fa kvalitn\u00fd sp\u00e1nok, pravideln\u00fa stravu, kon\u00ed\u010dky a kvalitn\u00e9 medzi\u013eudsk\u00e9 vz\u0165ahy pod\u00e1vaj\u00fa neporovnate\u013ene lep\u0161\u00ed v\u00fdkon ako zamestnanci, ktor\u00ed s\u00fa unaven\u00ed, zdravotne oslaben\u00ed a pod stresom. Pochopil, \u017ee m\u00f4\u017ee prispie\u0165 k tomu, aby sa jeho \u013eudia dok\u00e1zali o seba postara\u0165 t\u00fdm, \u017ee im vytv\u00e1ral priazniv\u00e9 podmienky.<\/p>\n<p><img decoding=\"async\" class=\"aligncenter\" src=\"https:\/\/pronea.sk\/wp-content\/uploads\/2021\/06\/Tomas-Bata-Pronea.png\" width=\"500\" height=\"333\" \/><\/p>\n<h4><strong>NEM\u00d4\u017dE\u0160 DA\u0164 NIE\u010cO, \u010cO S\u00c1M NEM\u00c1\u0160<\/strong><\/h4>\n<p>Motto:\u00a0<em>\u201eN\u00e1\u0161 z\u00e1kazn\u00edk \u2013 n\u00e1\u0161 p\u00e1n\u201c,\u00a0<\/em>pozn\u00e1 skoro ka\u017ed\u00fd. Ba\u0165a chcel sl\u00fa\u017ei\u0165 a\u00a0vytvoril cel\u00fd syst\u00e9m slu\u017eby. Uvedomoval si, \u017ee \u013eudia nedok\u00e1\u017eu sl\u00fa\u017ei\u0165 z\u00e1kazn\u00edkovi, pokia\u013e nie s\u00fa sami spokojn\u00ed. Preto hovorieval aj:\u00a0<em>\u201ePosl\u00fa\u017e s\u00e1m sebe\u201c,<\/em>\u00a0preto\u017ee si uvedomoval, \u017ee nem\u00f4\u017eeme d\u00e1va\u0165 to, \u010do sami nem\u00e1me. Viedol tak svojich zamestnancov k\u00a0tomu, aby prijali zodpovednos\u0165 za seba, za svoj vlastn\u00fd \u017eivotn\u00fd \u0161t\u00fdl a\u00a0t\u00fdm aj bud\u00facnos\u0165.<\/p>\n<p><strong>POSTARAJ SA O\u00a0SEBA<\/strong><\/p>\n<p>Pod\u013ea Tom\u00e1\u0161a Ba\u0165u sa m\u00e1me stara\u0165 o\u00a0tri roviny svojho bytia \u2013 fyzick\u00fa, ment\u00e1lnu a\u00a0du\u0161evn\u00fa, pr\u00e1ve v\u00a0tomto porad\u00ed. Z\u00e1kladnou starostlivos\u0165ou je kvalitn\u00fd sp\u00e1nok, jedlo a\u00a0pravideln\u00fd pohyb. Preto na tieto oblasti kl\u00e1dol d\u00f4raz aj vo svojej firemnej kult\u00fare. Sme zodpovedn\u00ed za to, aby sme udr\u017eovali svoje telo zdrav\u00e9, aby sme s\u00a0n\u00edm mohli \u010do najdlh\u0161ie sl\u00fa\u017ei\u0165 druh\u00fdm. Ke\u010f budeme dobre jes\u0165, spa\u0165 a\u00a0h\u00fdba\u0165 sa, budeme ma\u0165 viac energie a bude z\u00a0n\u00e1s vy\u017eadova\u0165 sila. Na to v\u0161ak potrebujeme \u010das. Pr\u00e1ca a\u00a0po\u017eiadavky s\u00fa tu st\u00e1le a\u00a0st\u00e1le sa stup\u0148uj\u00fa. Pokia\u013e budeme po\u017eiadavky sp\u013a\u0148a\u0165 na \u00fakor \u010dasu, ktor\u00fd by sme mali venova\u0165 sebe, je to na\u0161a chyba. Paradoxne, n\u00e1\u0161 v\u00fdkon aj tak kles\u00e1.<\/p>\n<p><strong>STAROSTLIVOS\u0164 O\u00a0SEBA NIE JE P\u00d4\u017dITOK, JE TO DISCIPL\u00cdNA<\/strong><\/p>\n<p>Nepracujme na \u00fakor \u010dasu, ktor\u00fd by sme mali venova\u0165 jedlu, sp\u00e1nku alebo pohybu. Ak ved\u00faci pracovn\u00edci toto vy\u017eaduj\u00fa od svojich zamestnancov, tak je to chyba, preto\u017ee v\u00a0kone\u010dnom d\u00f4sledku ochudob\u0148uj\u00fa pr\u00e1ve seba a\u00a0svoju firmu. Ak sa dok\u00e1\u017eeme postara\u0165 sami o\u00a0seba, ne\u010dak\u00e1me to od firmy, pr\u00e1ve naopak, prin\u00e1\u0161ame firme kvalitn\u00fd v\u00fdkon, ktor\u00fd smeruje k\u00a0naplneniu jej cie\u013eov.<\/p>\n<p>Ak budeme najbli\u017e\u0161ie prem\u00fd\u0161\u013ea\u0165 nad t\u00fdm, \u017ee vynech\u00e1me obed, budeme pracova\u0165 dlho do noci, pr\u00edpadne sa neprid\u00e1me na tr\u00e9ning volejbalu na \u00fakor pr\u00e1ce, nerobme to ! Ani Tom\u00e1\u0161 Ba\u0165a (ktor\u00e9ho mnoh\u00ed pova\u017eovali za workoholika) by to neurobil a\u00a0nevy\u017eadoval to ani od svojich spolupracovn\u00edkov.<\/p>\n<p><em><i>\u00a0\u201eAk chcete vybudova\u0165 ve\u013ek\u00fd podnik, vybudujte najprv seba.\u201c<\/i><\/em><\/p>","protected":false},"excerpt":{"rendered":"<p>Azda ka\u017ed\u00fd, kto \u017eije v\u00a0Partiz\u00e1nskom pozn\u00e1 meno Tom\u00e1\u0161a Ba\u0165u. Jeho \u017eivotn\u00e1 a\u00a0podnikate\u013esk\u00e1 filozofia je nad\u010dasov\u00e1 a\u00a0neust\u00e1le z\u00a0nej m\u00f4\u017eeme \u010derpa\u0165 aj v\u00a0dne\u0161nej dobe. Je nato\u013eko zauj\u00edmav\u00e1, \u017ee existuj\u00fa \u013eudia, ktor\u00ed zasv\u00e4tili svoj \u017eivot jej \u0161t\u00fadiu. Jednou z\u00a0nich je Gabriela Cul\u00edk Kon\u010dit\u00edkov\u00e1, ktorej predn\u00e1\u0161ku som si mohla vypo\u010du\u0165 aj ja, na\u017eivo v\u00a0Partiz\u00e1nskom. Za\u010d\u00edtajte sa spolu so mnou&#8230;<\/p>","protected":false},"author":1,"featured_media":237715,"comment_status":"open","ping_status":"open","sticky":false,"template":"","format":"standard","meta":{"inline_featured_image":false,"_kad_post_transparent":"","_kad_post_title":"","_kad_post_layout":"","_kad_post_sidebar_id":"","_kad_post_content_style":"","_kad_post_vertical_padding":"","_kad_post_feature":"","_kad_post_feature_position":"","_kad_post_header":false,"_kad_post_footer":false,"_kad_post_classname":"","footnotes":""},"categories":[1],"tags":[],"class_list":["post-237714","post","type-post","status-publish","format-standard","has-post-thumbnail","hentry","category-nezaradene"],"_links":{"self":[{"href":"https:\/\/pronea.sk\/en\/wp-json\/wp\/v2\/posts\/237714","targetHints":{"allow":["GET"]}}],"collection":[{"href":"https:\/\/pronea.sk\/en\/wp-json\/wp\/v2\/posts"}],"about":[{"href":"https:\/\/pronea.sk\/en\/wp-json\/wp\/v2\/types\/post"}],"author":[{"embeddable":true,"href":"https:\/\/pronea.sk\/en\/wp-json\/wp\/v2\/users\/1"}],"replies":[{"embeddable":true,"href":"https:\/\/pronea.sk\/en\/wp-json\/wp\/v2\/comments?post=237714"}],"version-history":[{"count":2,"href":"https:\/\/pronea.sk\/en\/wp-json\/wp\/v2\/posts\/237714\/revisions"}],"predecessor-version":[{"id":242667,"href":"https:\/\/pronea.sk\/en\/wp-json\/wp\/v2\/posts\/237714\/revisions\/242667"}],"wp:featuredmedia":[{"embeddable":true,"href":"https:\/\/pronea.sk\/en\/wp-json\/wp\/v2\/media\/237715"}],"wp:attachment":[{"href":"https:\/\/pronea.sk\/en\/wp-json\/wp\/v2\/media?parent=237714"}],"wp:term":[{"taxonomy":"category","embeddable":true,"href":"https:\/\/pronea.sk\/en\/wp-json\/wp\/v2\/categories?post=237714"},{"taxonomy":"post_tag","embeddable":true,"href":"https:\/\/pronea.sk\/en\/wp-json\/wp\/v2\/tags?post=237714"}],"curies":[{"name":"wp","href":"https:\/\/api.w.org\/{rel}","templated":true}]}}