{"id":237685,"date":"2021-05-20T09:00:00","date_gmt":"2021-05-20T07:00:00","guid":{"rendered":"https:\/\/pronea.sk\/?p=237685"},"modified":"2024-11-16T17:02:38","modified_gmt":"2024-11-16T16:02:38","slug":"nahradia-ucitelov-coskoro-technologie","status":"publish","type":"post","link":"https:\/\/pronea.sk\/en\/2021\/05\/20\/nahradia-ucitelov-coskoro-technologie\/","title":{"rendered":"Will teachers be replaced by technology soon?"},"content":{"rendered":"<p>Rudolf Tes\u00e1r z\u00a0touch4it je jeden z hlavn\u00fdch podporovate\u013eov Pronea. Je ponoren\u00fd do sveta technol\u00f3gi\u00ed a\u00a0z\u00e1rove\u0148 nestr\u00e1ca nadh\u013ead a\u00a0\u013eudskos\u0165. Patr\u00ed medzi \u013eud\u00ed s\u00a0potenci\u00e1lom pozit\u00edvne ovplyvni\u0165 smerovanie \u0161kolstva na Slovensku. Jeho my\u0161lienky o\u00a0online vzdel\u00e1van\u00ed v\u00e1s dok\u00e1\u017eu nadchn\u00fa\u0165 a\u00a0povzbudi\u0165. Pre\u010d\u00edtajte si rozhovor a\u00a0nechajte sa obohati\u0165 jeho poh\u013eadom na svet.<\/p>\n<p><strong><b>ROZHOVOR S RUDOLFOM TES\u00c1ROM<\/b><\/strong><\/p>\n<p><strong><b>Ke\u010f som \u0164a prv\u00fdkr\u00e1t stretla \u00a0v\u00a0Cirkevnej z\u00e1kladnej \u0161kole s\u00a0materskou \u0161kolou J\u00e1na Krstite\u013ea v Partiz\u00e1nskom, p\u00f4sobil si na m\u0148a ako \u010dlovek, ktor\u00fd \u017eije so \u017eivotn\u00fdm nadh\u013eadom. Zachytila som, \u017ee pracuje\u0161 v\u00a0IT sektore, napriek tomu i\u0161la z\u00a0Teba \u201e\u010dlove\u010dina\u201c. Vid\u00ed\u0161 svet nie len tak\u00fd, ak\u00fd je, ale ak\u00fd m\u00f4\u017ee by\u0165. Mal si to tak v\u017edy? \u010comu sa teraz venuje\u0161? Ak\u00e1 bola Tvoja cesta?<\/b><\/strong><\/p>\n<p><em><i>\u2026Je to cesta pln\u00e1 z\u00e1krut a\u00a0kotrmelcov. Nie som IT\u010dk\u00e1r, do IT som pri\u0161iel z\u00a0Training&amp;Development. Ve\u013ea rokov som tvoril a\u00a0poskytoval tr\u00e9ningy a\u00a0kou\u010ding pre diplomatov, podnikate\u013eov, mana\u017e\u00e9rov a\u00a0obchodn\u00edkov z\u00a0r\u00f4znych odvetv\u00ed. To ma nau\u010dilo ve\u013ea o\u00a0povahe n\u00e1s, \u013eud\u00ed. Ve\u013ekou lekciou boli workshopy pre mami\u010dky na materskej dovolenke, lek\u00e1rov, umelcov, \u010di deti. Sme rozdielni, no, ako vravel Martin Luther King, tvor\u00edme kontinent a\u00a0je ve\u013ea toho, \u010do n\u00e1s sp\u00e1ja.<\/i><\/em><\/p>\n<p><em><i>Nap\u013a\u0148a ma v\u00e1\u0161\u0148ou, ke\u010f vid\u00edm talent v\u00a0\u010dloveku r\u00e1s\u0165, ke\u010f sa niekto men\u00ed na \u010dloveka, ak\u00fdm by mohol by\u0165. Ako si povedala, vtedy sa svet st\u00e1va tak\u00fdm, ak\u00fdm m\u00f4\u017ee by\u0165. Je to umenie vy\u017eaduj\u00face jemnocit, preto\u017ee \u013eudsk\u00e9 bytosti s\u00fa siln\u00e9, no ich du\u0161e s\u00fa krehk\u00e9 a\u00a0zranite\u013en\u00e9.<\/i><\/em><\/p>\n<p><em><i>Dnes, spolu so svojimi kolegami, tvor\u00edme aplik\u00e1cie, ktor\u00e9 pom\u00e1haj\u00fa pr\u00e1ve v\u00a0tomto umen\u00ed \u2013 rozv\u00edja\u0165 v\u00a0de\u0165och a\u00a0dospel\u00fdch vedomosti a\u00a0zru\u010dnosti, ktor\u00e9 m\u00f4\u017eu premeni\u0165 ich \u017eivot prostredn\u00edctvom u\u010denia na plnohodnotnej\u0161\u00ed z\u00e1\u017eitok.<\/i><\/em><\/p>\n<p><strong><b>POZN\u00c1ME POKLAD, KTOR\u00dd DOMA M\u00c1ME?<\/b><\/strong><\/p>\n<p><strong><b>Z\u00a0Tvojho rozpr\u00e1vania mi je zrejm\u00e9, \u017ee vn\u00edma\u0161 svet nie len cez Slovensko, ale ve\u013ea cestuje\u0161 a\u00a0sp\u00e1ja\u0161 si trendy a\u00a0s\u00favislosti t\u00fdkaj\u00face sa online vzdel\u00e1vania. S\u00a0ak\u00fdmi my\u0161lienkami si odch\u00e1dzal napr. z\u00a0\u010c\u00edny, ktor\u00fa si nav\u0161t\u00edvil?<\/b><\/strong><\/p>\n<p><em><i>\u2026\u010c\u00edna, aj ke\u010f bola moja n\u00e1v\u0161teva kr\u00e1tka, zmenila m\u00f4j poh\u013ead na n\u00e1s a\u00a0na\u0161u kult\u00faru na dlho. V\u0161etko tam je ve\u013ek\u00e9, mest\u00e1, \u0161koly a\u00a0aj krajina, v\u0161ade je ve\u013ea \u013eud\u00ed. No v\u00a0tom hluku, ke\u010f na chv\u00ed\u013eu st\u00edchne de\u0148, si uvedom\u00ed\u0161, \u017ee kult\u00fara sa to\u010d\u00ed najm\u00e4 okolo Konfucia. A\u00a0to ma prekvapilo a\u00a0prin\u00fatilo prem\u00fd\u0161\u013ea\u0165 nad t\u00fdm, ako predstav\u00edm n\u00e1s.<\/i><\/em><\/p>\n<p><em><i>Mojim s\u00fakromn\u00fdm objavom v\u00a0\u010c\u00edne bol Komensk\u00fd. A\u017e tam som pochopil rozsah a vplyv jeho diela na svet. V\u00a0jednej zo \u0161k\u00f4l n\u00e1m u\u010ditelia a\u00a0mana\u017e\u00e9ri prejavili ve\u013ek\u00fa \u00factu a obdiv po tom, \u010do som n\u00e1s predstavil ako \u013eud\u00ed, ktor\u00ed prich\u00e1dzaj\u00fa z\u00a0tej \u010dasti Eur\u00f3py, kde p\u00f4sobil Komensk\u00fd. Boli to absolventi prest\u00ed\u017enych z\u00e1padn\u00fdch univerz\u00edt a\u00a0v\u00a0ich pon\u00edman\u00ed je Komensk\u00fd Leonardo DaVinci vzdel\u00e1vania. S\u00a0pokorou som prijal fakt, \u017ee som ho nikdy predt\u00fdm takto nevn\u00edmal. Vyrazilo mi dych, ke\u010f som sa dozvedel, \u017ee pred 400 rokmi realizoval v\u00a0Holandsku multisenzorick\u00e9 workshopy pre mami\u010dky a\u00a0ich bab\u00e4tk\u00e1, \u010di to, \u017ee na pozvanie \u0161v\u00e9dskeho kr\u00e1\u013ea reformoval \u0161kandin\u00e1vsky vzdel\u00e1vac\u00ed syst\u00e9m do podoby, ako ho pozn\u00e1me dnes!\u00a0\u00a0<\/i><\/em><\/p>\n<p><strong><b>HODNOTY S\u00da TU, ABY N\u00c1S VIEDLI A PREP\u00c1JALI<\/b><\/strong><\/p>\n<p><strong><b>M\u00f4\u017ee\u0161 n\u00e1m poveda\u0165 viac o\u00a0tom, ako vn\u00edma\u0161 hodnoty vo vzdel\u00e1van\u00ed? Pre\u010do by mali \u201est\u00e1\u0165 v\u00a0na\u0161om strede\u201c, ako to maj\u00fa aj v\u00a0\u010c\u00edne?<\/b><\/strong><\/p>\n<p><em><i>\u2026Lebo hodnoty s\u00fa to, \u010do n\u00e1s sp\u00e1ja. Aj ke\u010f \u017eijeme nedokonal\u00fd \u017eivot a\u00a0rob\u00edme chyby, hodnoty s\u00fa tu, aby n\u00e1s viedli, in\u0161pirovali a prep\u00e1jali. Hodnoty tvoria optiku, cez ktor\u00fa vn\u00edmame svet. S\u00fa kompas, kompas v\u00a0n\u00e1s. Nie vedomosti, ale sp\u00f4sob, ako s\u00a0nimi naklad\u00e1\u0161, m\u00e1 dopad na svet, v\u00a0ktorom \u017eije\u0161. Nie tvoje zru\u010dnosti, ale to v\u00a0akom duchu nimi men\u00ed\u0161 ka\u017edodenn\u00fd \u017eivot okolo seba, je rozhoduj\u00face. To, ak\u00fd si, je tvojim vkladom, ktor\u00fd prin\u00e1\u0161a\u0161 do komunity, spolo\u010denstva, kme\u0148a, ktor\u00e9ho si s\u00fa\u010das\u0165ou. Preto nielen v\u00fdsledky, ale aj cesta, akou ich dosahuje\u0161, mus\u00ed by\u0165 s\u00fa\u010das\u0165ou vzdel\u00e1vania. Ako si sa dopracoval k\u00a0v\u00fdsledku? \u010co \u0165a viedlo? S\u00a0k\u00fdm si sa \u00falohe venoval? \u010co \u0165a na tom bavilo? A\u00a0\u010do nie? \u010co in\u00e9 by si rie\u0161il rad\u0161ej? Keby si sa mal znova pusti\u0165 do tejto \u00falohy, \u010do by si robil inak? Koho by si oslovil? Ako by si sa tomu \u010dloveku po\u010fakoval? Urobil si to u\u017e? Toto potrebujeme vo vzdel\u00e1van\u00ed viac a\u00a0\u010dastej\u0161ie. Ot\u00e1zky. Lebo provokuj\u00fa predstavivos\u0165, preb\u00fadzaj\u00fa zvedavos\u0165, vyvol\u00e1vaj\u00fa em\u00f3cie a\u00a0formuj\u00fa hodnoty.<\/i><\/em><\/p>\n<p><strong><b>NAHRAD\u00cd U\u010cITE\u013dOV ONLINE VZDEL\u00c1VANIE?<\/b><\/strong><\/p>\n<p><strong><b>Ako to teda bude, nahradia u\u010dite\u013eov po\u010d\u00edta\u010de, online vzdel\u00e1vanie, aplik\u00e1cie a\u00a0kurzy? Ak\u00fd je Tvoj n\u00e1zor na homeschooling? Je na\u0161ou bud\u00facnos\u0165ou?<\/b><\/strong><\/p>\n<p><em><i>\u2026Nenahradia. Technol\u00f3gia nie je konkurentom \u010dloveka. Je doplnkom na\u0161ej existencie, die\u0165a\u0165om na\u0161ich predst\u00e1v a\u00a0schopnost\u00ed. Formovanie \u013eudskej bytosti vzdel\u00e1van\u00edm vznik\u00e1 z\u00a0mili\u00f3n detailov v\u00a0spr\u00e1van\u00ed, komunik\u00e1cii a\u00a0odtie\u0148ov em\u00f3ci\u00ed. A\u00a0z toho, \u010do poveda\u0165 nejde, \u010do sa d\u00e1 len vyc\u00edti\u0165. Intu\u00edcia, empatia a\u00a0sk\u00fasenos\u0165 je s\u00fa\u010das\u0165ou v\u00fdbavy u\u010dite\u013ea. V\u00fdvoj toho v\u0161etk\u00e9ho trval desiatky tis\u00edc rokov. A\u00a0neprestal. Pokra\u010duje. Technol\u00f3gia je v\u00a0plienkach, je len bato\u013ea, ktor\u00e9 u\u010d\u00edme chodi\u0165. Vieme o\u00a0svete ve\u013ea, no pozn\u00e1me sa m\u00e1lo a\u00a0takmer skoro ni\u010d nevieme o\u00a0odpovedi na ot\u00e1zku pre\u010do sme tu a\u00a0\u010doho sme s\u00fa\u010das\u0165ou. V\u00a0tom n\u00e1s \u010dakaj\u00fa ve\u013ek\u00e9 objavy, ktor\u00e9 ovplyvnia aj to, ako vn\u00edmame a\u00a0budeme vn\u00edma\u0165 technol\u00f3giu.<\/i><\/em><\/p>\n<p><em><i>Homeschooling je jednou z\u00a0odpoved\u00ed na probl\u00e9my, ktor\u00e9 generuje fakt, \u017ee sme vo vzdel\u00e1van\u00ed st\u00e1le uviaznut\u00ed v\u00a0presved\u010den\u00ed, \u017ee jeho produktom m\u00e1 by\u0165 \u201evojak alebo pracovn\u00e1 sila\u201c. Na svoju dobu bola industrializ\u00e1cia \u0161kolstva revolu\u010dn\u00e1 my\u0161lienka, no dnes sme u\u017e \u010falej. Rie\u0161ime t\u00e9my ako zmysel existencie, hodn\u00f4t, kvantov\u00e9 polia a\u00a0prel\u00ednanie kult\u00far, n\u00e1bo\u017eenstiev, vplyv soci\u00e1lnych siet\u00ed. To v\u0161etko si vy\u017eaduje cit a\u00a0vz\u0165ah a\u00a0hlb\u0161ie poznanie s\u00favislost\u00ed, objavovanie a\u00a0doprev\u00e1dzanie, nie memorovanie vedomost\u00ed. A\u00a0pr\u00e1ve homeschooling je jedn\u00fdm z\u00a0n\u00e1vratov ku celostn\u00e9mu rozvoju die\u0165a\u0165a v\u00a0rodine, spolo\u010denstve. No ako vo v\u0161etkom, nie idea, ale jej realiz\u00e1cia je v\u00fdzvou.<\/i><\/em><\/p>\n<p><strong><b>\u010cO N\u00c1S NAU\u010cILA PAND\u00c9MIA<\/b><\/strong><\/p>\n<p><strong><b>\u010co je pod\u013ea Teba to najlep\u0161ie, \u010do n\u00e1m priniesla pand\u00e9mia a online vzdel\u00e1vanie? Ako z\u00a0neho m\u00f4\u017eeme vy\u0165a\u017ei\u0165 aj v\u00a0na\u0161om \u0161kolstve?<\/b><\/strong><\/p>\n<p><em><i>\u2026Poznanie, ako ve\u013emi sme na vzdel\u00e1vanie naviazan\u00ed, ako ve\u013emi potrebujeme u\u010dite\u013eov a\u00a0ako vynaliezav\u00ed vieme by\u0165, ke\u010f sa ocitneme v\u00a0n\u00fadzi. Tie\u017e n\u00e1s toto obdobie u\u010d\u00ed, ako ve\u013emi potrebujeme zosta\u0165 prepojen\u00ed a\u00a0ako z\u00e1visl\u00ed sme na vz\u0165ahoch a\u00a0spolo\u010denstve. A\u00a0je to OK, preto\u017ee sme sa tak 50\u00a0000 rokov vyv\u00edjali. A\u00a0v\u00a0tom tkvie na\u0161a sila a\u00a0chu\u0165 \u017ei\u0165.<\/i><\/em><\/p>\n<p><em><i>Zmyslupln\u00e9 vyu\u017eitie online n\u00e1strojov n\u00e1m odhalilo nov\u00e9 mo\u017enosti: niektor\u00e9 \u0161koly objavili pr\u00edle\u017eitosti vyjs\u0165 aj v\u00a0post-pandemickej dobe v\u00a0\u00fastrety de\u0165om, ktor\u00e9 nem\u00f4\u017eu ka\u017ed\u00fd de\u0148 sedie\u0165 v\u00a0triede, lebo s\u00fa v\u00a0nemocnici, \u010di na pracovn\u00fdch cest\u00e1ch v cudzine s\u00a0rodi\u010dmi, \u010di maj\u00fa \u0161peci\u00e1lne potreby. In\u00e9 \u0161koly v\u010faka aplik\u00e1ci\u00e1m vytvorili ve\u013ea online u\u010debn\u00e9ho obsahu, ktor\u00fd hodlaj\u00fa vyu\u017e\u00edva\u0165 ako doplnok riadnej v\u00fdu\u010dby. Ve\u013ea u\u010dite\u013eov sa rekvalifikovalo na dizajn\u00e9rov online u\u010diacich z\u00e1\u017eitkov. Mnoh\u00ed v\u00a0sebe objavili talent vlogerov, blogerov, youtuberov, \u010di moder\u00e1torov videokonferenci\u00ed. A\u00a0sme tam! Narodilo sa digitalizovan\u00e9 \u0161kolstvo a\u00a0u\u010ditelia 21.storo\u010dia!<\/i><\/em><\/p>\n<p><em><i>Ale mali by sme spozornie\u0165. N\u00e1vrat do \u0161k\u00f4l bude vo v\u00e4\u010d\u0161ine pr\u00edpadov znamena\u0165 snahu vr\u00e1ti\u0165 sa k \u201enorm\u00e1lu\u201c spred pand\u00e9mie. No tak\u00e9 nie\u010do u\u017e nikdy nebude mo\u017en\u00e9. Prich\u00e1dza nov\u00fd norm\u00e1l. Pand\u00e9mia n\u00e1s nau\u010dila nie\u010do nov\u00e9 o\u00a0n\u00e1s sam\u00fdch a\u00a0r\u00f4znych oblastiach \u017eivota. A\u00a0nie\u010doho z\u00a0toho sa nebudeme chcie\u0165, alebo m\u00f4c\u0165 vzda\u0165. Deti si zvykli, \u017ee si s\u00a0u\u010dite\u013eom m\u00f4\u017eu da\u0165 videocall a\u00a0pritom osta\u0165 doma. U\u010ditelia ochutnali automatizovan\u00e9 testovanie na dia\u013eku. Syst\u00e9m maturity bez zbyto\u010dn\u00e9ho stresu. A\u00a0stredn\u00e9 a\u00a0vysok\u00e9 \u0161koly v\u00fdber uch\u00e1dza\u010dov na z\u00e1klade osobnostn\u00e9ho profilu a\u00a0priebe\u017en\u00fdch v\u00fdsledkov \u0161t\u00fadia \u017eiaka. Neexistuje n\u00e1vrat k \u201enorm\u00e1lu\u201c.\u00a0<\/i><\/em><\/p>\n<p><strong><b>\u013dUDIA S\u00da D\u00d4VODOM<\/b><\/strong><\/p>\n<p><strong><b>\u010co \u0164a presved\u010dilo, aby si spolupracoval na vzniku strednej \u0161koly Pronea Academy a\u00a0Pronea v\u00f4bec? \u00a0<\/b><\/strong><\/p>\n<p><em><i>\u2026 \u013dudia a\u00a0v\u00edzia a\u00a0to, ako dobre je premyslen\u00fd ka\u017ed\u00fd krok pri realiz\u00e1cii tohto z\u00e1meru. D\u00f4vodom je Ondrej (zakladate\u013e Pronea) a\u00a0t\u00edm, ktor\u00fdm sa obklopil. Vid\u00edm r\u00f4znych \u013eud\u00ed, r\u00f4znu expert\u00edzu, r\u00f4zne uhly poh\u013eadu. To d\u00e1va projektu vitalitu. Zladenie v\u00a0hodnot\u00e1ch mu d\u00e1va silu. Tak preto som tak r\u00e1d, \u017ee sa m\u00f4\u017eem sta\u0165 s\u00fa\u010das\u0165ou tohto diela a\u00a0prispie\u0165 svojou trochou do mlyna<\/i><\/em>.<\/p>\n<p><img fetchpriority=\"high\" decoding=\"async\" class=\"aligncenter\" src=\"https:\/\/pronea.sk\/wp-content\/uploads\/2021\/05\/IMG_3826_1_50-1.jpg\" width=\"2016\" height=\"1512\" \/><\/p>\n<p><strong><b>Keby si mohol svetu odk\u00e1za\u0165 jednu vetu, ak\u00e1 by to bola?<\/b><\/strong><\/p>\n<p>.<em><i>..Pom\u00f4\u017eem si my\u0161lienkou Alberta Schweitzera, aby sme sa sna\u017eili\u2026<\/i><\/em><em><i>\u201cby\u0165 \u010dlovekom pre \u013eud\u00ed, ktor\u00ed \u010dloveka potrebuj\u00fa.\u201c<\/i><\/em><\/p>\n<p><strong><b>\u010eakujem Ti za rozhovor!<\/b><\/strong><\/p>\n<p>Petra Kalo\u010dayov\u00e1<\/p>","protected":false},"excerpt":{"rendered":"<p>Rudolf Tes\u00e1r z\u00a0touch4it je jeden z hlavn\u00fdch podporovate\u013eov Pronea. Je ponoren\u00fd do sveta technol\u00f3gi\u00ed a\u00a0z\u00e1rove\u0148 nestr\u00e1ca nadh\u013ead a\u00a0\u013eudskos\u0165. Patr\u00ed medzi \u013eud\u00ed s\u00a0potenci\u00e1lom pozit\u00edvne ovplyvni\u0165 smerovanie \u0161kolstva na Slovensku. Jeho my\u0161lienky o\u00a0online vzdel\u00e1van\u00ed v\u00e1s dok\u00e1\u017eu nadchn\u00fa\u0165 a\u00a0povzbudi\u0165. Pre\u010d\u00edtajte si rozhovor a\u00a0nechajte sa obohati\u0165 jeho poh\u013eadom na svet. ROZHOVOR S RUDOLFOM TES\u00c1ROM Ke\u010f som \u0164a prv\u00fdkr\u00e1t stretla&#8230;<\/p>","protected":false},"author":1,"featured_media":237698,"comment_status":"open","ping_status":"open","sticky":false,"template":"","format":"standard","meta":{"inline_featured_image":false,"_kad_post_transparent":"","_kad_post_title":"","_kad_post_layout":"","_kad_post_sidebar_id":"","_kad_post_content_style":"","_kad_post_vertical_padding":"","_kad_post_feature":"","_kad_post_feature_position":"","_kad_post_header":false,"_kad_post_footer":false,"_kad_post_classname":"","footnotes":""},"categories":[1],"tags":[],"class_list":["post-237685","post","type-post","status-publish","format-standard","has-post-thumbnail","hentry","category-nezaradene"],"_links":{"self":[{"href":"https:\/\/pronea.sk\/en\/wp-json\/wp\/v2\/posts\/237685","targetHints":{"allow":["GET"]}}],"collection":[{"href":"https:\/\/pronea.sk\/en\/wp-json\/wp\/v2\/posts"}],"about":[{"href":"https:\/\/pronea.sk\/en\/wp-json\/wp\/v2\/types\/post"}],"author":[{"embeddable":true,"href":"https:\/\/pronea.sk\/en\/wp-json\/wp\/v2\/users\/1"}],"replies":[{"embeddable":true,"href":"https:\/\/pronea.sk\/en\/wp-json\/wp\/v2\/comments?post=237685"}],"version-history":[{"count":2,"href":"https:\/\/pronea.sk\/en\/wp-json\/wp\/v2\/posts\/237685\/revisions"}],"predecessor-version":[{"id":242664,"href":"https:\/\/pronea.sk\/en\/wp-json\/wp\/v2\/posts\/237685\/revisions\/242664"}],"wp:featuredmedia":[{"embeddable":true,"href":"https:\/\/pronea.sk\/en\/wp-json\/wp\/v2\/media\/237698"}],"wp:attachment":[{"href":"https:\/\/pronea.sk\/en\/wp-json\/wp\/v2\/media?parent=237685"}],"wp:term":[{"taxonomy":"category","embeddable":true,"href":"https:\/\/pronea.sk\/en\/wp-json\/wp\/v2\/categories?post=237685"},{"taxonomy":"post_tag","embeddable":true,"href":"https:\/\/pronea.sk\/en\/wp-json\/wp\/v2\/tags?post=237685"}],"curies":[{"name":"wp","href":"https:\/\/api.w.org\/{rel}","templated":true}]}}